{"id":1879,"date":"2023-11-03T14:13:43","date_gmt":"2023-11-03T14:13:43","guid":{"rendered":"http:\/\/novopost.com.br\/?p=1879"},"modified":"2023-12-19T14:04:47","modified_gmt":"2023-12-19T14:04:47","slug":"mr-olympia-2023-como-assistir-online","status":"publish","type":"post","link":"https:\/\/novopost.com.br\/hu\/mr-olympia-2023-como-assistir-online\/","title":{"rendered":"Mr. Olympia 2023: Hogyan n\u00e9zz online"},"content":{"rendered":"<p>A Mr. Olympia, az ikonikus test\u00e9p\u00edt\u0151, Joe Weider \u00e1ltal l\u00e9trehozott verseny, amely a professzion\u00e1lis test\u00e9p\u00edt\u00e9s cs\u00facsak\u00e9nt ismert vil\u00e1gszerte, visszat\u00e9r 2023-ban, amelyet november 1. \u00e9s 5. k\u00f6z\u00f6tt rendeznek meg az Egyes\u00fclt \u00c1llamokban, Orlando v\u00e1ros\u00e1ban. <\/p>\n\n\n\n<p>A verseny c\u00e9lja annak meg\u00e1llap\u00edt\u00e1sa, hogy ki a legk\u00e9pzettebb, atl\u00e9tikailag \u00e9s eszt\u00e9tikailag legfejlettebb test\u00e9p\u00edt\u0151.<\/p>\n\n\n\n<p>Ebben a cikkben a Novo Post a Mr. Olympia vil\u00e1g\u00e1t fedezi fel. Ez a verseny nemcsak a r\u00e9sztvev\u0151k odaad\u00e1s\u00e1t \u00e9s elk\u00f6telezetts\u00e9g\u00e9t \u00fcnnepli, hanem a fitnesz \u00e9s eg\u00e9szs\u00e9g ir\u00e1nt szenved\u00e9lyes glob\u00e1lis k\u00f6z\u00f6ns\u00e9get is elb\u0171v\u00f6li. Teh\u00e1t folytassa az olvas\u00e1st, hogy tov\u00e1bbi r\u00e9szleteket tudjon meg a test\u00e9p\u00edt\u00e9sr\u0151l \u00e9s a 2023-as Mr. Olympia kiad\u00e1sr\u00f3l.<\/p>\n\n\n\n<p>N\u00e9zze meg, mit tal\u00e1l az olvasm\u00e1nyban:<\/p>\n\n\n\n<div class=\"wp-block-rank-math-toc-block\" id=\"rank-math-toc\"><nav><ul><li class=\"\"><a href=\"#saiba-o-que-e-fisioculturismo\">Tudja meg, mi az a test\u00e9p\u00edt\u00e9s<\/a><\/li><li class=\"\"><a href=\"#de-onde-vem-o-nome-mr-olympia\">Hol van a \u201eMr. Olympia\u201d?<\/a><\/li><li class=\"\"><a href=\"#um-pouco-da-historia-da-competicao\">Egy kicsit a verseny t\u00f6rt\u00e9net\u00e9r\u0151l<\/a><\/li><li class=\"\"><a href=\"#joe-weider-o-criador-do-torneio\">Joe Weider, a torna alkot\u00f3ja<\/a><\/li><li class=\"\"><a href=\"#mr-olympia-2023-a-59-edicao-do-evento\">Mr. Olympia 2023, az esem\u00e9ny 59. kiad\u00e1sa<\/a><\/li><li class=\"\"><a href=\"#as-categorias-da-competicao\">A verseny kateg\u00f3ri\u00e1i<\/a><\/li><li class=\"\"><a href=\"#como-assistir-o-mr-olympia-2023\">Hogyan n\u00e9zd meg a Mr. Olympia 2023-at?<\/a><\/li><\/ul><\/nav><\/div>\n\n\n\n<h2 class=\"wp-block-heading\" id=\"saiba-o-que-e-fisioculturismo\">Tudja meg, mi az a test\u00e9p\u00edt\u00e9s<\/h2>\n\n\n\n<p>A test\u00e9p\u00edt\u00e9s, m\u00e1s n\u00e9ven test\u00e9p\u00edt\u00e9s egy olyan sport \u00e9s fitnesz tudom\u00e1ny\u00e1g, amely a test izomfejl\u0151d\u00e9s\u00e9nek fel\u00e9p\u00edt\u00e9s\u00e9re \u00e9s fokoz\u00e1s\u00e1ra \u00f6sszpontos\u00edt. A test\u00e9p\u00edt\u00e9s f\u0151 c\u00e9lja, hogy olyan testet hozzon l\u00e9tre, amely nagy izomzat\u00fa, ar\u00e1nyos, szimmetrikus \u00e9s eszt\u00e9tikus, gyakran nagyon j\u00f3l fejlett izomzattal, alacsony testzs\u00edrsz\u00e1zal\u00e9kkal \u00e9s szoborszer\u0171 megjelen\u00e9ssel.<\/p>\n\n\n\n<p>A test\u00e9p\u00edt\u0151k, az \u00fagynevezett test\u00e9p\u00edt\u0151k, szigor\u00fa edz\u00e9si, \u00e9trendi \u00e9s \u00e9letm\u00f3dbeli rutint k\u00f6vetnek c\u00e9ljaik el\u00e9r\u00e9se \u00e9rdek\u00e9ben, \u00e9s az edz\u00e9s alapj\u00e1t az izomn\u00f6veked\u00e9st el\u0151seg\u00edt\u0151 ellen\u00e1ll\u00e1si gyakorlatok k\u00e9pezik. A test\u00e9p\u00edt\u0151k meghat\u00e1rozott izomcsoportokon dolgoznak, az izmok hipertr\u00f3fi\u00e1j\u00e1ra, s\u0171r\u0171s\u00e9g\u00e9re \u00e9s defin\u00edci\u00f3j\u00e1ra t\u00f6rekszenek, \u00e9s a c\u00e9ljaik el\u00e9r\u00e9se \u00e9rdek\u00e9ben v\u00e9gzett gyakorlatokat gyakran nagyon speci\u00e1lis c\u00e9lokhoz igaz\u00edtj\u00e1k.<\/p>\n\n\n\n<figure class=\"wp-block-gallery has-nested-images columns-default is-cropped wp-block-gallery-1 is-layout-flex wp-block-gallery-is-layout-flex\">\n<figure class=\"wp-block-image size-large\"><a href=\"http:\/\/novopost.com.br\/wp-content\/uploads\/2023\/11\/fisoculturista-rene-campbell-cnn.jpg\"><img fetchpriority=\"high\" decoding=\"async\" width=\"1024\" height=\"755\" data-id=\"1896\" src=\"http:\/\/novopost.com.br\/wp-content\/uploads\/2023\/11\/fisoculturista-rene-campbell-cnn-1024x755.jpg\" alt=\"mr. olimpia\" class=\"wp-image-1896\" srcset=\"https:\/\/novopost.com.br\/wp-content\/uploads\/2023\/11\/fisoculturista-rene-campbell-cnn-1024x755.jpg 1024w, https:\/\/novopost.com.br\/wp-content\/uploads\/2023\/11\/fisoculturista-rene-campbell-cnn-300x221.jpg 300w, https:\/\/novopost.com.br\/wp-content\/uploads\/2023\/11\/fisoculturista-rene-campbell-cnn-768x566.jpg 768w, https:\/\/novopost.com.br\/wp-content\/uploads\/2023\/11\/fisoculturista-rene-campbell-cnn-1536x1132.jpg 1536w, https:\/\/novopost.com.br\/wp-content\/uploads\/2023\/11\/fisoculturista-rene-campbell-cnn-16x12.jpg 16w, https:\/\/novopost.com.br\/wp-content\/uploads\/2023\/11\/fisoculturista-rene-campbell-cnn.jpg 2000w\" sizes=\"(max-width: 1024px) 100vw, 1024px\" \/><\/a><figcaption class=\"wp-element-caption\">Rene Campbell, az Egyes\u00fclt Kir\u00e1lys\u00e1g egyik legmassz\u00edvabb test\u00e9p\u00edt\u0151je. | Forr\u00e1s: CNN<\/figcaption><\/figure>\n<\/figure>\n\n\n\n<p>A di\u00e9ta, valamint a kem\u00e9ny edz\u00e9si rutin alapvet\u0151 szerepet j\u00e1tszik a test\u00e9p\u00edt\u00e9sben. A modalit\u00e1s gyakorl\u00f3i \u00e1ltal\u00e1ban szigor\u00faan ellen\u0151rz\u00f6tt \u00e9tkez\u00e9si terveket k\u00f6vetnek, a sov\u00e1ny feh\u00e9rj\u00e9kre, \u00f6sszetett sz\u00e9nhidr\u00e1tokra \u00e9s eg\u00e9szs\u00e9ges zs\u00edrokra \u00f6sszpontos\u00edtva. A t\u00e1pl\u00e1lkoz\u00e1si \u00e9trendet \u00fagy alak\u00edtott\u00e1k ki, hogy biztos\u00edtsa az izom\u00e9p\u00edt\u00e9shez \u00e9s helyre\u00e1ll\u00edt\u00e1shoz sz\u00fcks\u00e9ges t\u00e1panyagokat, mik\u00f6zben szab\u00e1lyozza a kal\u00f3riafogyaszt\u00e1st, hogy fenntartsa a testzs\u00edr alacsony sz\u00e1zal\u00e9k\u00e1t, ami nagyon fontos t\u00e9nyez\u0151 a test\u00e9p\u00edt\u00e9sben. <\/p>\n\n\n\n<p>A test\u00e9p\u00edt\u0151 verseny szint\u00e9n a sport\u00e1g egyik alapvet\u0151 eleme. A sportol\u00f3k testt\u00f6meg \u00e9s nem szerint t\u00f6bb kateg\u00f3ri\u00e1ban versenyeznek, hogy bemutass\u00e1k az izomfejleszt\u00e9s ter\u00e9n el\u00e9rt eredm\u00e9nyeiket. A legrangosabb test\u00e9p\u00edt\u0151 esem\u00e9nyek k\u00f6z\u00e9 tartozik a <a href=\"https:\/\/mrolympia.com\/\" target=\"_blank\" rel=\"noopener\">Olympia \u00far<\/a>, Arnold Classic \u00e9s m\u00e1s nemzetk\u00f6zi bajnoks\u00e1gok, de ebben a cikkben bemutatjuk a Mr. Olympi\u00e1t, amely most 2023-ban ism\u00e9t t\u00f6rt\u00e9nelmet \u00edr, bemutatva az emberi test \u00e1talak\u00edt\u00e1s\u00e1nak erej\u00e9t, \u00e9s milli\u00f3kat inspir\u00e1lva saj\u00e1t eg\u00e9szs\u00e9g\u00fcgyi c\u00e9ljaik el\u00e9r\u00e9s\u00e9re, fizikai kondicion\u00e1l\u00e1s.<\/p>\n\n\n\n<h2 class=\"wp-block-heading\" id=\"de-onde-vem-o-nome-mr-olympia\">Hol van a \u201eMr. Olympia\u201d?<\/h2>\n\n\n\n<p>A g\u00f6r\u00f6g mitol\u00f3gi\u00e1ban \u2013 t\u00f6rt\u00e9netek \u00e9s hiedelmek halmaza az \u00f3kori G\u00f6r\u00f6gorsz\u00e1g kult\u00far\u00e1j\u00e1b\u00f3l, istenekkel, h\u0151s\u00f6kkel, sz\u00f6rnyekkel stb. term\u00e9szeti jelens\u00e9gek \u00e9s t\u00e1rsadalmi \u00e9rt\u00e9kek magyar\u00e1zat\u00e1ra \u2013 a 12 f\u0151 isten, mint Zeusz, Ath\u00e9n\u00e9, H\u00e9ra\u2026, az Olimposz-hegyen \u00e9lt, \u00e9s olimpiai istenk\u00e9nt ismert\u00e9k \u0151ket. <\/p>\n\n\n\n<p>Ha eml\u00e9kszel egy kicsit a g\u00f6r\u00f6g mitol\u00f3gi\u00e1ra, eml\u00e9kezz az \u00e1ltala \u00e1br\u00e1zolt istenek megjelen\u00e9s\u00e9re is, de ha nem rendelkezel ezzel az eml\u00e9kkel, ne agg\u00f3dj, mert az al\u00e1bbiakban egy vizu\u00e1lis utal\u00e1st adunk az eml\u00e9kezet felfriss\u00edt\u00e9s\u00e9re. De mi\u00e9rt besz\u00e9l\u00fcnk a g\u00f6r\u00f6g mitol\u00f3gi\u00e1r\u00f3l egy test\u00e9p\u00edt\u00e9sr\u0151l sz\u00f3l\u00f3 cikkben?<\/p>\n\n\n\n<figure class=\"wp-block-gallery has-nested-images columns-default is-cropped wp-block-gallery-2 is-layout-flex wp-block-gallery-is-layout-flex\">\n<figure class=\"wp-block-image size-large\"><a href=\"http:\/\/novopost.com.br\/wp-content\/uploads\/2023\/11\/posseidon-pinterest.jpg\"><img decoding=\"async\" width=\"480\" height=\"640\" data-id=\"1882\" src=\"http:\/\/novopost.com.br\/wp-content\/uploads\/2023\/11\/posseidon-pinterest.jpg\" alt=\"\" class=\"wp-image-1882\" srcset=\"https:\/\/novopost.com.br\/wp-content\/uploads\/2023\/11\/posseidon-pinterest.jpg 480w, https:\/\/novopost.com.br\/wp-content\/uploads\/2023\/11\/posseidon-pinterest-225x300.jpg 225w, https:\/\/novopost.com.br\/wp-content\/uploads\/2023\/11\/posseidon-pinterest-9x12.jpg 9w\" sizes=\"(max-width: 480px) 100vw, 480px\" \/><\/a><figcaption class=\"wp-element-caption\">Poszeid\u00f3n, a tengerek \u00e9s \u00f3ce\u00e1nok istene. | Fot\u00f3: Pinterest<\/figcaption><\/figure>\n\n\n\n<figure class=\"wp-block-image size-large\"><a href=\"http:\/\/novopost.com.br\/wp-content\/uploads\/2023\/11\/RAMON-magzter.jpg\"><img decoding=\"async\" width=\"768\" height=\"1024\" data-id=\"1884\" src=\"http:\/\/novopost.com.br\/wp-content\/uploads\/2023\/11\/RAMON-magzter-768x1024.jpg\" alt=\"\" class=\"wp-image-1884\" srcset=\"https:\/\/novopost.com.br\/wp-content\/uploads\/2023\/11\/RAMON-magzter-768x1023.jpg 768w, https:\/\/novopost.com.br\/wp-content\/uploads\/2023\/11\/RAMON-magzter-225x300.jpg 225w, https:\/\/novopost.com.br\/wp-content\/uploads\/2023\/11\/RAMON-magzter-1153x1536.jpg 1153w, https:\/\/novopost.com.br\/wp-content\/uploads\/2023\/11\/RAMON-magzter-1537x2048.jpg 1537w, https:\/\/novopost.com.br\/wp-content\/uploads\/2023\/11\/RAMON-magzter-9x12.jpg 9w, https:\/\/novopost.com.br\/wp-content\/uploads\/2023\/11\/RAMON-magzter.jpg 1576w\" sizes=\"(max-width: 768px) 100vw, 768px\" \/><\/a><figcaption class=\"wp-element-caption\">Ramon Dino, a Mr. brazil versenyz\u0151je. Olympia. | Fot\u00f3: Magzter<\/figcaption><\/figure>\n<\/figure>\n\n\n\n<p>Nos, ha id\u00e1ig eljutott az olvas\u00e1s sor\u00e1n, akkor m\u00e1r tudja, hogy a Mr. Olympia a test\u00e9p\u00edt\u00e9s vil\u00e1g\u00e1nak egyik legrangosabb \u00e9s legelismertebb versenye. Tal\u00e1n nem vetted \u00e9szre, hogy a verseny neve a g\u00f6r\u00f6g mitol\u00f3gi\u00e1b\u00f3l sz\u00e1rmaz\u00f3 Ol\u00fcmposz-hegyre, a fent eml\u00edtett istenek otthon\u00e1ra utal, \u00e9s ez a tiszteletad\u00e1s nem hi\u00e1ba k\u00e9sz\u00fclt.<\/p>\n\n\n\n<p>A verseny \u00e1ltal hozott utal\u00e1s k\u00f6zvetlen\u00fcl kapcsol\u00f3dik az istenek fizikai megjelen\u00e9s\u00e9hez, \u00f6sszehasonl\u00edtva azt a test\u00e9p\u00edt\u0151k\u00e9ivel. \u00c9rdekes, nem? A legmen\u0151bb az, hogy t\u00e9nyleg nagyon er\u0151s a hasonl\u00f3s\u00e1g!<\/p>\n\n\n\n<h2 class=\"wp-block-heading\" id=\"um-pouco-da-historia-da-competicao\">Egy kicsit a verseny t\u00f6rt\u00e9net\u00e9r\u0151l<\/h2>\n\n\n\n<p>Most, hogy meg\u00e9rtett\u00fck, honnan sz\u00e1rmazik Mr. Olympia neve, tanuljunk meg egy kicsit a torna leny\u0171g\u00f6z\u0151 t\u00f6rt\u00e9net\u00e9r\u0151l. 1965-t\u0151l kezd\u0151d\u0151en az esem\u00e9nyt Joe Weider, a test\u00e9p\u00edt\u00e9s egyik \u00fatt\u00f6r\u0151je, a sport\u00e1g n\u00e9pszer\u0171s\u00edt\u00e9s\u00e9nek egyik legbefoly\u00e1sosabb szerepl\u0151je hozta l\u00e9tre, \u00e9s az\u00f3ta a verseny fejl\u0151d\u00f6tt, \u00e9s ikonj\u00e1v\u00e1 v\u00e1lt a fizikai kondicion\u00e1l\u00e1s vil\u00e1g\u00e1ban.<\/p>\n\n\n\n<p>Az els\u0151 Mr. Olympia versenyre New Yorkban ker\u00fclt sor, ahol a kor neves test\u00e9p\u00edt\u0151it vonzotta, p\u00e9ld\u00e1ul Larry Scottot, aki az esem\u00e9ny els\u0151 gy\u0151ztese lett. A Scott \u00e1ltal kapott, \u201eJoe Weider Trophy\u201d n\u00e9ven ismert tr\u00f3fea ma m\u00e1r Mr. Olympia gy\u0151zelm\u00e9t szimboliz\u00e1lja, \u00e9s a test\u00e9p\u00edt\u0151 vil\u00e1g egyik legv\u00e1gyottabb d\u00edja.<\/p>\n\n\n\n<figure class=\"wp-block-gallery has-nested-images columns-default is-cropped wp-block-gallery-3 is-layout-flex wp-block-gallery-is-layout-flex\">\n<figure class=\"wp-block-image size-large\"><a href=\"http:\/\/novopost.com.br\/wp-content\/uploads\/2023\/11\/larry-scott-mundo-boa-forma.webp\"><img loading=\"lazy\" decoding=\"async\" width=\"650\" height=\"360\" data-id=\"1885\" src=\"http:\/\/novopost.com.br\/wp-content\/uploads\/2023\/11\/larry-scott-mundo-boa-forma.webp\" alt=\"\" class=\"wp-image-1885\" srcset=\"https:\/\/novopost.com.br\/wp-content\/uploads\/2023\/11\/larry-scott-mundo-boa-forma.webp 650w, https:\/\/novopost.com.br\/wp-content\/uploads\/2023\/11\/larry-scott-mundo-boa-forma-300x166.webp 300w, https:\/\/novopost.com.br\/wp-content\/uploads\/2023\/11\/larry-scott-mundo-boa-forma-18x10.webp 18w\" sizes=\"(max-width: 650px) 100vw, 650px\" \/><\/a><figcaption class=\"wp-element-caption\">Larry Scott, a Mr. Olympia 1965-ben az USA-ban megrendezett 1. kiad\u00e1s\u00e1nak gy\u0151ztese. | Fot\u00f3reprodukci\u00f3: Mundo Boa Forma<\/figcaption><\/figure>\n<\/figure>\n\n\n\n<p>Mr. Olympia n\u00e9pszer\u0171s\u00e9ge az \u00e9vek sor\u00e1n n\u0151tt, platformot biztos\u00edtva a vil\u00e1g minden t\u00e1j\u00e1r\u00f3l \u00e9rkez\u0151 sportol\u00f3knak, hogy bemutass\u00e1k az izomfejleszt\u00e9s ter\u00e9n el\u00e9rt eredm\u00e9nyeiket. 1970-ben a legend\u00e1s Arnold Schwarzenegger nyert el\u0151sz\u00f6r, megszil\u00e1rd\u00edtva ezzel a test\u00e9p\u00edt\u00e9s egyik legnagyobb alakja st\u00e1tusz\u00e1t, \u00e9s jelent\u0151sen hozz\u00e1j\u00e1rult a sport\u00e1g n\u00f6vekv\u0151 n\u00e9pszer\u0171s\u00e9g\u00e9hez.<\/p>\n\n\n\n<p>Az \u00e9vtizedek sor\u00e1n Mr. Olympia tan\u00faja volt sz\u00e1mos m\u00e1s elit test\u00e9p\u00edt\u0151 felemelked\u00e9s\u00e9nek, mint p\u00e9ld\u00e1ul Ronnie Coleman, Jay Cutler \u00e9s Phil Heath, akik t\u00f6bbsz\u00f6r is megnyert\u00e9k a c\u00edmet, \u00e9s \u00f6r\u00f6ks\u00e9g\u00fcket a sportban alapozt\u00e1k meg. Az esem\u00e9ny sz\u00e1mos kateg\u00f3ri\u00e1val b\u0151v\u00fclt, mint p\u00e9ld\u00e1ul a klasszikus test\u00e9p\u00edt\u00e9s \u00e9s a n\u0151i test\u00e9p\u00edt\u00e9s, hogy min\u00e9l t\u00f6bb st\u00edlust \u00e9s testet tudjon fogadni, de tov\u00e1bbra is sok f\u00e9rfias kult\u00far\u00e1t hordoz mag\u00e1ban, amely a n\u0151k \u00e1ltal megm\u00e9rettetett kateg\u00f3ri\u00e1kban igyekszik kifejezni, hogy mit gondolnak l\u00e9gy &#034;n\u0151iess\u00e9g&#034;.<\/p>\n\n\n\n<p>Ak\u00e1rhogy is, a Mr. Olympia nem sz\u00e1m\u00edt a glob\u00e1lis test\u00e9p\u00edt\u0151 k\u00f6z\u00f6ss\u00e9g f\u00f3kuszpontj\u00e1nak, ahol sportol\u00f3k, edz\u0151k, rajong\u00f3k \u00e9s rajong\u00f3k gy\u0171lnek \u00f6ssze, hogy meg\u00fcnnepelj\u00e9k az emberi test form\u00e1l\u00e1s\u00e1hoz \u00e9s farag\u00e1s\u00e1hoz sz\u00fcks\u00e9ges odaad\u00e1st, fegyelmet \u00e9s elsz\u00e1nts\u00e1got. A verseny ma is izgalmas \u00e9s inspir\u00e1l\u00f3 esem\u00e9ny, amely a vil\u00e1g k\u00fcl\u00f6nb\u00f6z\u0151 orsz\u00e1gaiban vonzza a k\u00f6z\u00f6ns\u00e9get, \u00e9s jelent\u0151s d\u00edjakat \u00e9s nemzetk\u00f6zi elismer\u00e9st k\u00edn\u00e1l a gy\u0151zteseknek.<\/p>\n\n\n\n<h2 class=\"wp-block-heading\" id=\"joe-weider-o-criador-do-torneio\">Joe Weider, a torna alkot\u00f3ja<\/h2>\n\n\n\n<p>Joe Weider, aki 1919. november 29-\u00e9n sz\u00fcletett \u00e9s 2013. m\u00e1rcius 23-\u00e1n, 93 \u00e9vesen hunyt el, a test\u00e9p\u00edt\u00e9s \u00e9s a fitnesz vil\u00e1g\u00e1nak ikonikus alakja volt, f\u0151k\u00e9nt a Mr. Olympia, az egyik legnagyobb megalkot\u00f3ja volt. a test\u00e9p\u00edt\u00e9sben ismert esem\u00e9nyek.<\/p>\n\n\n\n<p>A kanadai sz\u00e1rmaz\u00e1s\u00fa Weider fitneszv\u00e1llalkoz\u00f3k\u00e9nt kezdte p\u00e1lyafut\u00e1s\u00e1t az 1940-es \u00e9s 1950-es \u00e9vekben, amikor kiadta els\u0151 magazinj\u00e1t, a \u201eYour Physique\u201d c\u00edmet. Megl\u00e1tta a lehet\u0151s\u00e9get a test\u00e9p\u00edt\u00e9s \u00e9s a test\u00e9p\u00edt\u00e9s n\u00e9pszer\u0171s\u00edt\u00e9s\u00e9re, amelyek akkoriban szinte ismeretlenek voltak. Joe Weider \u00fagy gondolta, hogy a test\u00e9p\u00edt\u00e9s t\u00f6bb, mint puszt\u00e1n fizikai fejl\u0151d\u00e9s, sz\u00e1m\u00e1ra ez egy \u00e9letfiloz\u00f3fia, amely el\u0151seg\u00edti az eg\u00e9szs\u00e9get, az \u00f6nbizalmat \u00e9s a j\u00f3l\u00e9tet.<\/p>\n\n\n\n<figure class=\"wp-block-gallery has-nested-images columns-default is-cropped wp-block-gallery-4 is-layout-flex wp-block-gallery-is-layout-flex\">\n<figure class=\"wp-block-image size-large\"><a href=\"http:\/\/novopost.com.br\/wp-content\/uploads\/2023\/11\/revista-your-physique-maio-de-1945-pinterest.jpg\"><img loading=\"lazy\" decoding=\"async\" width=\"564\" height=\"730\" data-id=\"1886\" src=\"http:\/\/novopost.com.br\/wp-content\/uploads\/2023\/11\/revista-your-physique-maio-de-1945-pinterest.jpg\" alt=\"\" class=\"wp-image-1886\" srcset=\"https:\/\/novopost.com.br\/wp-content\/uploads\/2023\/11\/revista-your-physique-maio-de-1945-pinterest.jpg 564w, https:\/\/novopost.com.br\/wp-content\/uploads\/2023\/11\/revista-your-physique-maio-de-1945-pinterest-232x300.jpg 232w, https:\/\/novopost.com.br\/wp-content\/uploads\/2023\/11\/revista-your-physique-maio-de-1945-pinterest-9x12.jpg 9w\" sizes=\"(max-width: 564px) 100vw, 564px\" \/><\/a><figcaption class=\"wp-element-caption\">\u201eYour Physique Magazine, 1945. m\u00e1jusi sz\u00e1m. | Forr\u00e1s: Pinterest<\/figcaption><\/figure>\n\n\n\n<figure class=\"wp-block-image size-large\"><a href=\"http:\/\/novopost.com.br\/wp-content\/uploads\/2023\/11\/revista-your-physique-agosto-de-1947-pinterest2.jpg\"><img loading=\"lazy\" decoding=\"async\" width=\"564\" height=\"730\" data-id=\"1887\" src=\"http:\/\/novopost.com.br\/wp-content\/uploads\/2023\/11\/revista-your-physique-agosto-de-1947-pinterest2.jpg\" alt=\"\" class=\"wp-image-1887\" srcset=\"https:\/\/novopost.com.br\/wp-content\/uploads\/2023\/11\/revista-your-physique-agosto-de-1947-pinterest2.jpg 564w, https:\/\/novopost.com.br\/wp-content\/uploads\/2023\/11\/revista-your-physique-agosto-de-1947-pinterest2-232x300.jpg 232w, https:\/\/novopost.com.br\/wp-content\/uploads\/2023\/11\/revista-your-physique-agosto-de-1947-pinterest2-9x12.jpg 9w\" sizes=\"(max-width: 564px) 100vw, 564px\" \/><\/a><figcaption class=\"wp-element-caption\">\u201eYour Physique Magazine, 1947. augusztusi sz\u00e1m. | Forr\u00e1s: Pinterest<\/figcaption><\/figure>\n\n\n\n<figure class=\"wp-block-image size-large\"><a href=\"http:\/\/novopost.com.br\/wp-content\/uploads\/2023\/11\/revista-your-physique-novembro-de-1949-pinterest.jpg\"><img loading=\"lazy\" decoding=\"async\" width=\"564\" height=\"730\" data-id=\"1888\" src=\"http:\/\/novopost.com.br\/wp-content\/uploads\/2023\/11\/revista-your-physique-novembro-de-1949-pinterest.jpg\" alt=\"\" class=\"wp-image-1888\" srcset=\"https:\/\/novopost.com.br\/wp-content\/uploads\/2023\/11\/revista-your-physique-novembro-de-1949-pinterest.jpg 564w, https:\/\/novopost.com.br\/wp-content\/uploads\/2023\/11\/revista-your-physique-novembro-de-1949-pinterest-232x300.jpg 232w, https:\/\/novopost.com.br\/wp-content\/uploads\/2023\/11\/revista-your-physique-novembro-de-1949-pinterest-9x12.jpg 9w\" sizes=\"(max-width: 564px) 100vw, 564px\" \/><\/a><figcaption class=\"wp-element-caption\">\u201eYour Physique Magazine, 1949. novemberi sz\u00e1m. | Forr\u00e1s: Pinterest<\/figcaption><\/figure>\n<\/figure>\n\n\n\n<p>1965-ben Weider l\u00e9trehozta a Mr. Olympi\u00e1t, a versenyt, amely a professzion\u00e1lis test\u00e9p\u00edt\u00e9s cs\u00facs\u00e1v\u00e1 v\u00e1lt, \u00e9s kiemelte a vil\u00e1g legjobb test\u00e9p\u00edt\u0151it, k\u00f6zt\u00fck olyan legend\u00e1kat, mint Arnold Schwarzenegger \u2013 akinek Weider volt a mentora \u2013 \u00e9s Ronnie Coleman, aki nemzetk\u00f6zi elismer\u00e9st szerzett. a versenyre. Mr. Olympia nem csak p\u00e9nzd\u00edjjal jutalmazta a gy\u0151zteseket, hanem glob\u00e1lis tekint\u00e9llyel \u00e9s ismerts\u00e9ggel is.<\/p>\n\n\n\n<p>A test\u00e9p\u00edt\u00e9st n\u00e9pszer\u0171s\u00edt\u0151 munk\u00e1ja mellett Joe Weider sz\u00e1mos m\u00e1s magazint alap\u00edtott, k\u00f6zt\u00fck a \u201eMuscle &amp; Fitness\u201d \u00e9s a \u201eFlex\u201d magazint, amelyek a fitneszipar referenci\u00e1i lettek, valamint \u00e9trend-kieg\u00e9sz\u00edt\u0151ket \u00e9s edz\u0151eszk\u00f6z\u00f6ket is kifejlesztett.<\/p>\n\n\n\n<figure class=\"wp-block-gallery has-nested-images columns-default is-cropped wp-block-gallery-5 is-layout-flex wp-block-gallery-is-layout-flex\">\n<figure class=\"wp-block-image size-large\"><a href=\"http:\/\/novopost.com.br\/wp-content\/uploads\/2023\/11\/mr-america-pinterest.jpg\"><img loading=\"lazy\" decoding=\"async\" width=\"564\" height=\"719\" data-id=\"1891\" src=\"http:\/\/novopost.com.br\/wp-content\/uploads\/2023\/11\/mr-america-pinterest.jpg\" alt=\"mr. olimpia\" class=\"wp-image-1891\" srcset=\"https:\/\/novopost.com.br\/wp-content\/uploads\/2023\/11\/mr-america-pinterest.jpg 564w, https:\/\/novopost.com.br\/wp-content\/uploads\/2023\/11\/mr-america-pinterest-235x300.jpg 235w, https:\/\/novopost.com.br\/wp-content\/uploads\/2023\/11\/mr-america-pinterest-9x12.jpg 9w\" sizes=\"(max-width: 564px) 100vw, 564px\" \/><\/a><figcaption class=\"wp-element-caption\">Joe Weider a Mr. America test\u00e9p\u00edt\u0151 magazin 1973. m\u00e1rciusi sz\u00e1m\u00e1nak bor\u00edt\u00f3j\u00e1n. | Forr\u00e1s: Etsy<\/figcaption><\/figure>\n\n\n\n<figure class=\"wp-block-image size-large\"><a href=\"http:\/\/novopost.com.br\/wp-content\/uploads\/2023\/11\/joe-wieider-pinterest.jpg\"><img loading=\"lazy\" decoding=\"async\" width=\"340\" height=\"453\" data-id=\"1920\" src=\"http:\/\/novopost.com.br\/wp-content\/uploads\/2023\/11\/joe-wieider-pinterest.jpg\" alt=\"\" class=\"wp-image-1920\" srcset=\"https:\/\/novopost.com.br\/wp-content\/uploads\/2023\/11\/joe-wieider-pinterest.jpg 340w, https:\/\/novopost.com.br\/wp-content\/uploads\/2023\/11\/joe-wieider-pinterest-225x300.jpg 225w, https:\/\/novopost.com.br\/wp-content\/uploads\/2023\/11\/joe-wieider-pinterest-9x12.jpg 9w\" sizes=\"(max-width: 340px) 100vw, 340px\" \/><\/a><figcaption class=\"wp-element-caption\">Joe Weider, a Mr. Olympia alap\u00edt\u00f3ja. Forr\u00e1s: Pinterest<\/figcaption><\/figure>\n\n\n\n<figure class=\"wp-block-image size-full\"><a href=\"http:\/\/novopost.com.br\/wp-content\/uploads\/2023\/11\/revista-muscle-fitness-joe-weider-pinterest.jpg\"><img loading=\"lazy\" decoding=\"async\" width=\"500\" height=\"677\" data-id=\"1893\" src=\"http:\/\/novopost.com.br\/wp-content\/uploads\/2023\/11\/revista-muscle-fitness-joe-weider-pinterest.jpg\" alt=\"\" class=\"wp-image-1893\" srcset=\"https:\/\/novopost.com.br\/wp-content\/uploads\/2023\/11\/revista-muscle-fitness-joe-weider-pinterest.jpg 500w, https:\/\/novopost.com.br\/wp-content\/uploads\/2023\/11\/revista-muscle-fitness-joe-weider-pinterest-222x300.jpg 222w, https:\/\/novopost.com.br\/wp-content\/uploads\/2023\/11\/revista-muscle-fitness-joe-weider-pinterest-9x12.jpg 9w\" sizes=\"(max-width: 500px) 100vw, 500px\" \/><\/a><figcaption class=\"wp-element-caption\">Arnold \u00e9s Weider a Weider \u00e1ltal alap\u00edtott egyik magazinban. | Forr\u00e1s: Pinterest<\/figcaption><\/figure>\n<\/figure>\n\n\n\n<p>Joe Weider szenved\u00e9lyes sz\u00f3sz\u00f3l\u00f3ja volt a test\u00e9p\u00edt\u00e9snek, mint \u00f6nmagunk legjobb verzi\u00f3j\u00e1nak el\u00e9r\u00e9s\u00e9nek \u00e9s az eg\u00e9szs\u00e9ges \u00e9letnek. Harcolt a test\u00e9p\u00edt\u00e9ssel kapcsolatos stigm\u00e1k ellen, \u00e9s hozz\u00e1j\u00e1rult a sport\u00e1g sz\u00e9lesebb k\u00f6r\u0171 elfogad\u00e1s\u00e1hoz. V\u00edzi\u00f3ja \u00e9s f\u00e1radhatatlan munk\u00e1ja a test\u00e9p\u00edt\u00e9s \u00e9s a fitnesz n\u00e9pszer\u0171s\u00edt\u00e9s\u00e9ben maradand\u00f3 \u00f6r\u00f6ks\u00e9get hagyott maga ut\u00e1n, vil\u00e1gszerte rajong\u00f3k \u00e9s sportol\u00f3k gener\u00e1ci\u00f3ira hatott. Joe Weiderre k\u00e9ts\u00e9gtelen\u00fcl a test\u00e9p\u00edt\u00e9s n\u00e9pszer\u0171s\u00edt\u00e9s\u00e9nek \u00e9s a ma ismert fitneszipar fejl\u0151d\u00e9s\u00e9nek meghat\u00e1roz\u00f3 alakjak\u00e9nt eml\u00e9keznek.<\/p>\n\n\n\n<h2 class=\"wp-block-heading\" id=\"mr-olympia-2023-a-59-edicao-do-evento\">Mr. Olympia 2023, az esem\u00e9ny 59. kiad\u00e1sa<\/h2>\n\n\n\n<p>Az IFBB (International Federation of Bodybuilding and Fitness) \u00e1ltal szervezett Mr. Olympia a vil\u00e1g legfontosabb test\u00e9p\u00edt\u0151 bajnoks\u00e1ga. A 2023-as kiad\u00e1s november 1-j\u00e9n kezd\u0151d\u00f6tt az Egyes\u00fclt \u00c1llamokban, Orland\u00f3ban, \u00e9s ugyanazon h\u00f3nap 5-\u00e9ig tart.<\/p>\n\n\n\n<p>\u00cdme n\u00e9h\u00e1ny fontos r\u00e9szlet az esem\u00e9nyr\u0151l:<\/p>\n\n\n\n<p><strong>&#8211;<\/strong> A versenyen 280 sportol\u00f3 vesz r\u00e9szt a vil\u00e1g minden t\u00e1j\u00e1r\u00f3l, 11 k\u00fcl\u00f6nb\u00f6z\u0151 kateg\u00f3ri\u00e1ban. A kateg\u00f3ri\u00e1k k\u00f6z\u00e9 tartozik t\u00f6bbek k\u00f6z\u00f6tt a f\u00e9rfi test\u00e9p\u00edt\u00e9s, a f\u00e9rfi testfel\u00e9p\u00edt\u00e9s, a n\u0151i testalkat \u00e9s a kerekessz\u00e9k.<\/p>\n\n\n\n<p><strong>&#8211;<\/strong> A Mr Olympia kateg\u00f3ria a f\u0151 esem\u00e9ny, amely az izomt\u00e9rfogatra \u00e9s -t\u00f6megre f\u00f3kusz\u00e1l, m\u00edg a F\u00e9rfi \u00e9s a N\u0151i Fizika kateg\u00f3ri\u00e1k az eszt\u00e9tika \u00e9s az izomt\u00e9rfogat kombin\u00e1ci\u00f3j\u00e1t helyezik el\u0151t\u00e9rbe.<\/p>\n\n\n\n<p><strong>&#8211; <\/strong>A d\u00f6nt\u0151kre p\u00e9nteken \u00e9s vas\u00e1rnap (3., illetve 4.) ker\u00fcl sor, 5-\u00e9n, vas\u00e1rnap pedig szemin\u00e1riumot tartanak a versenyz\u0151kkel.<\/p>\n\n\n\n<p><strong>&#8211;<\/strong> Id\u00e9n a Mr. Olympi\u00e1t a brazil Integralmedica m\u00e1rka szponzor\u00e1lja, ez az els\u0151 alkalom, hogy brazil c\u00e9g szponzork\u00e9nt r\u00e9szt vesz az esem\u00e9nyen.<\/p>\n\n\n\n<p><strong>&#8211; <\/strong>A brazil k\u00fcld\u00f6tts\u00e9g a legnagyobb a versenyben, 33 versenyz\u0151 k\u00e9pviseli az orsz\u00e1got, k\u00f6zt\u00fck Ramon Dino \u00e9s Francielle Mattos, mindketten f\u0151 jel\u00f6ltek a saj\u00e1t kateg\u00f3ri\u00e1jukban. Ramon Dino, az el\u0151z\u0151 \u00e9v m\u00e1sodik helyezettje, Braz\u00edlia f\u0151 rem\u00e9nys\u00e9ge a test\u00e9p\u00edt\u0151 versenyen.<\/p>\n\n\n\n<h2 class=\"wp-block-heading\" id=\"as-categorias-da-competicao\">A verseny kateg\u00f3ri\u00e1i<\/h2>\n\n\n\n<p>Minden kateg\u00f3ri\u00e1nak megvannak a maga saj\u00e1toss\u00e1gai \u00e9s saj\u00e1tos k\u00f6vetelm\u00e9nyei, de ezek mindegyike megk\u00f6veteli a versenyz\u0151kt\u0151l, hogy fegyelmezett s\u00falyz\u00f3s edz\u00e9stervvel \u00e9s szigor\u00fa \u00e9tkez\u00e9si tervvel rendelkezzenek a lehet\u0151 legjobb fizikai forma el\u00e9r\u00e9se \u00e9rdek\u00e9ben. Az al\u00e1bbiakban a 11 kateg\u00f3ria mindegyik\u00e9t r\u00e9szletezz\u00fck:<\/p>\n\n\n\n<figure class=\"wp-block-gallery has-nested-images columns-default is-cropped wp-block-gallery-6 is-layout-flex wp-block-gallery-is-layout-flex\">\n<figure class=\"wp-block-image size-large\"><a href=\"http:\/\/novopost.com.br\/wp-content\/uploads\/2023\/11\/mr-olympia-gym-fashion.jpg\"><img loading=\"lazy\" decoding=\"async\" width=\"1024\" height=\"576\" data-id=\"1913\" src=\"http:\/\/novopost.com.br\/wp-content\/uploads\/2023\/11\/mr-olympia-gym-fashion-1024x576.jpg\" alt=\"mr. olympia\" class=\"wp-image-1913\" srcset=\"https:\/\/novopost.com.br\/wp-content\/uploads\/2023\/11\/mr-olympia-gym-fashion-1024x576.jpg 1024w, https:\/\/novopost.com.br\/wp-content\/uploads\/2023\/11\/mr-olympia-gym-fashion-300x169.jpg 300w, https:\/\/novopost.com.br\/wp-content\/uploads\/2023\/11\/mr-olympia-gym-fashion-768x432.jpg 768w, https:\/\/novopost.com.br\/wp-content\/uploads\/2023\/11\/mr-olympia-gym-fashion-18x10.jpg 18w, https:\/\/novopost.com.br\/wp-content\/uploads\/2023\/11\/mr-olympia-gym-fashion.jpg 1280w\" sizes=\"(max-width: 1024px) 100vw, 1024px\" \/><\/a><figcaption class=\"wp-element-caption\">Fot\u00f3: Mr. Olimpia 2022. | Forr\u00e1s: Gym Fashion<\/figcaption><\/figure>\n<\/figure>\n\n\n\n<ul class=\"wp-block-list\">\n<li><strong>1 \u2013 Olympia \u00far:<\/strong> Ez a bajnoks\u00e1g f\u0151 kateg\u00f3ri\u00e1ja, \u00e9s kiemeli a versenyz\u0151k izomzat\u00e1t. Az ebbe a kateg\u00f3ri\u00e1ba tartoz\u00f3 sportol\u00f3knak rendk\u00edv\u00fcl izmos \u00e9s hat\u00e1rozott testtel, szimmetrikus ar\u00e1nyokkal \u00e9s kellemes eszt\u00e9tik\u00e1val kell rendelkezni\u00fck;<\/li>\n\n\n\n<li><strong>2 \u2013 Ms. Olympia:<\/strong> ez a bajnoks\u00e1g f\u0151 n\u0151i kateg\u00f3ri\u00e1ja, \u00e9s ugyanazokat a krit\u00e9riumokat k\u00f6veti, mint a f\u00e9rfi kateg\u00f3ria, az izomt\u00f6megre helyezve a hangs\u00falyt;<\/li>\n\n\n\n<li><strong>3 \u2013 F\u00e9rfi fizikum:<\/strong> egy test\u00e9p\u00edt\u0151 kateg\u00f3ria, amely a versenyz\u0151k test\u00e9nek szimmetri\u00e1j\u00e1t \u00e9s eszt\u00e9tik\u00e1j\u00e1t \u00e9rt\u00e9keli, a \u201estrand body\u201d-ra f\u00f3kusz\u00e1lva. Az ebbe a kateg\u00f3ri\u00e1ba tartoz\u00f3 sportol\u00f3k \u00e9rt\u00e9kel\u00e9se magass\u00e1g szerint t\u00f6rt\u00e9nik, \u00e9s meghat\u00e1rozott testalkat\u00faaknak kell lenni\u00fck, de t\u00falzott izomt\u00f6meg n\u00e9lk\u00fcl;<\/li>\n\n\n\n<li><strong>4 \u2013 N\u0151i testfel\u00e9p\u00edt\u00e9s:<\/strong> a Men&#039;s Physique n\u0151i kateg\u00f3ria, amely a versenyz\u0151k test\u00e9nek szimmetri\u00e1j\u00e1ra \u00e9s eszt\u00e9tik\u00e1j\u00e1ra \u00f6sszpontos\u00edt;<\/li>\n\n\n\n<li><strong>5 \u2013 Klasszikus fizikum:<\/strong> Ez egy olyan kateg\u00f3ria, amely a m\u00faltbeli sportol\u00f3k testfel\u00e9p\u00edt\u00e9s\u00e9re utal, ar\u00e1nyokkal \u00e9s szimmetri\u00e1val. Az ebbe a kateg\u00f3ri\u00e1ba tartoz\u00f3 versenyz\u0151knek izmos \u00e9s hat\u00e1rozott testalkat\u00faaknak kell lenni\u00fck, de nem kell t\u00faltenni a tests\u00falyt;<\/li>\n\n\n\n<li><strong>6 &#8211; 212:<\/strong> egy kiz\u00e1r\u00f3lag f\u00e9rfi kateg\u00f3ria, amelynek c\u00e9lja a legnagyobb izomt\u00f6meg el\u00e9r\u00e9se an\u00e9lk\u00fcl, hogy t\u00fall\u00e9pn\u00e9 a 212 fontot, vagyis a 96 kilogrammot;<\/li>\n\n\n\n<li><strong>7 \u2013 tol\u00f3sz\u00e9k:<\/strong> ez egy exkluz\u00edv kateg\u00f3ria a kerekessz\u00e9kesek sz\u00e1m\u00e1ra, amely a versenyz\u0151k test\u00e9nek szimmetri\u00e1j\u00e1t \u00e9s eszt\u00e9tik\u00e1j\u00e1t \u00e9rt\u00e9keli;<\/li>\n\n\n\n<li><strong>8 \u2013 Fitness:<\/strong> egy olyan kateg\u00f3ria, amely a versenyz\u0151k erej\u00e9t, hajl\u00e9konys\u00e1g\u00e1t \u00e9s \u00e1ll\u00f3k\u00e9pess\u00e9g\u00e9t m\u00e9ri fel, egy olyan gyakorlati rutinra \u00f6sszpontos\u00edtva, amely mag\u00e1ban foglalja a t\u00e1ncot, a gimnasztik\u00e1t \u00e9s a s\u00falyz\u00f3s edz\u00e9st;<\/li>\n\n\n\n<li><strong>9 \u2013 \u00e1bra:<\/strong> n\u0151i kateg\u00f3ria, amely a versenyz\u0151k test\u00e9nek szimmetri\u00e1j\u00e1t \u00e9s eszt\u00e9tik\u00e1j\u00e1t \u00e9rt\u00e9keli, egy hat\u00e1rozott \u00e9s eszt\u00e9tikus testre \u00f6sszpontos\u00edtva;<\/li>\n\n\n\n<li><strong>10 \u2013 Bikini:<\/strong> egy n\u0151i kateg\u00f3ria, amely a versenyz\u0151k test\u00e9nek szimmetri\u00e1j\u00e1t \u00e9s eszt\u00e9tik\u00e1j\u00e1t \u00e9rt\u00e9keli, egy hat\u00e1rozott \u00e9s eszt\u00e9tikus testre \u00f6sszpontos\u00edtva, de t\u00falzott izomt\u00e9rfogat n\u00e9lk\u00fcl;<\/li>\n\n\n\n<li><strong>11 \u2013 Wellness:<\/strong> n\u0151i kateg\u00f3ria, amely a versenyz\u0151k test\u00e9nek szimmetri\u00e1j\u00e1t \u00e9s eszt\u00e9tik\u00e1j\u00e1t \u00e9rt\u00e9keli, a hat\u00e1rozott \u00e9s eszt\u00e9tikus testre f\u00f3kusz\u00e1lva, de hangs\u00falyt fektetve a l\u00e1bakra \u00e9s a farizmokra.<\/li>\n<\/ul>\n\n\n\n<h2 class=\"wp-block-heading\" id=\"como-assistir-o-mr-olympia-2023\">Hogyan n\u00e9zd meg a Mr. Olympia 2023-at?<\/h2>\n\n\n\n<p>A 2023-as Mr. Olympia a vil\u00e1g legfontosabb professzion\u00e1lis test\u00e9p\u00edt\u0151 bajnoks\u00e1ga, amelyet az egyes\u00fclt \u00e1llamokbeli Orland\u00f3ban, Florid\u00e1ban rendeznek november 1. \u00e9s 5. k\u00f6z\u00f6tt. Jegyek a rendezv\u00e9ny hivatalos honlapj\u00e1n kaphat\u00f3k, azonban el\u0151fordulhat, hogy helysz\u00edni \u00e9s el\u00e9rhet\u0151s\u00e9gi probl\u00e9m\u00e1k miatt nem mindenki sz\u00e1m\u00e1ra el\u00e9rhet\u0151 a szem\u00e9lyes r\u00e9szv\u00e9tel. A bajnoks\u00e1g online k\u00f6vet\u00e9s\u00e9nek azonban k\u00e9t m\u00f3dja van:<\/p>\n\n\n\n<ol class=\"wp-block-list\">\n<li><strong>Online ad\u00e1s<\/strong>: az esem\u00e9ny hivatalos k\u00f6zvet\u00edt\u00e9s\u00e9t a <a href=\"https:\/\/www.olympiaproductions.com\/\" target=\"_blank\" rel=\"noopener\">Olympia TV<\/a>, egy streaming platform, amely 39,99 doll\u00e1ros csomagokat k\u00edn\u00e1l. Az \u00e9l\u0151 n\u00e9z\u00e9shez egyszer\u0171en nyissa meg az esem\u00e9ny hivatalos webhely\u00e9t, \u00e9s v\u00e1s\u00e1roljon el\u0151fizet\u00e9st az Olympia TV-re.<\/li>\n\n\n\n<li><strong>K\u00f6z\u00f6ss\u00e9gi m\u00e9dia:<\/strong> Az esem\u00e9ny egy r\u00e9sz\u00e9t k\u00f6z\u00f6ss\u00e9gi oldalakon kereszt\u00fcl lehet k\u00f6vetni, mint pl <a href=\"https:\/\/www.instagram.com\/\" target=\"_blank\" rel=\"noopener\">Instagram<\/a> Ez <a href=\"https:\/\/www.facebook.com\/\" target=\"_blank\" rel=\"noopener\">Facebook<\/a>, ahol a sportol\u00f3k gyakran posztolnak kulissz\u00e1k m\u00f6g\u00f6tti fot\u00f3kat \u00e9s vide\u00f3kat.<\/li>\n<\/ol>\n\n\n\n<p>\u00c9rdemes t\u00e1j\u00e9koz\u00f3dni az \u00d6n r\u00e9gi\u00f3j\u00e1ban tal\u00e1lhat\u00f3 fizet\u0151s TV-m\u0171sorr\u00f3l is, mivel egyes k\u00e1belt\u00e9v\u00e9-csatorn\u00e1k k\u00f6zvet\u00edthetik az esem\u00e9nyt.<\/p>\n\n\n\n<h2 class=\"wp-block-heading\" id=\"gostou-deste-conteudo\">Tetszett ez a tartalom?<\/h2>\n\n\n\n<p>A 2023-as Mr. Olympia sor\u00e1n a sportol\u00f3k t\u00f6bb kateg\u00f3ri\u00e1ban is megm\u00e9rettetik magukat, \u00edgy ennek az esem\u00e9nynek a megtekint\u00e9se lehet\u0151s\u00e9get biztos\u00edt a vil\u00e1g legjobb test\u00e9p\u00edt\u0151inek inspir\u00e1l\u00f3 teljes\u00edtm\u00e9nyeinek k\u00f6vet\u00e9s\u00e9re. Teh\u00e1t ha \u00e9rdekli a verseny, most m\u00e1r tudja, hogyan k\u00f6vetheti nyomon a Mr. Olympia 59. kiad\u00e1s\u00e1t, egy nagyszab\u00e1s\u00fa \u00e9s vil\u00e1gh\u00edr\u0171 esem\u00e9nyt. Ebben a cikkben \u00d6n is megismerte a <a href=\"https:\/\/novopost.com.br\/hu\/\">\u00daj bejegyz\u00e9s<\/a> a torna alap\u00edt\u00f3j\u00e1nak t\u00f6rt\u00e9nete, a n\u00e9v eredete, a kateg\u00f3ri\u00e1k r\u00e9szletei \u00e9s m\u00e9g sok m\u00e1s! Rem\u00e9lj\u00fck, hogy tetszett az olvas\u00e1s, tal\u00e1lkozunk legk\u00f6zelebb!<\/p>","protected":false},"excerpt":{"rendered":"<p>A Mr. Olympia a professzion\u00e1lis test\u00e9p\u00edt\u00e9s cs\u00facspontjak\u00e9nt ismert verseny vil\u00e1gszerte, \u00e9s 2023-ban november 1. \u00e9s 5. k\u00f6z\u00f6tt rendezik meg az Egyes\u00fclt \u00c1llamokban, Orland\u00f3ban. Szeretn\u00e9 tudni, hogyan kell n\u00e9zni? Folytassa az olvas\u00e1st, hogy megtudja ezt \u00e9s m\u00e9g sok m\u00e1st!<\/p>","protected":false},"author":9,"featured_media":1913,"comment_status":"open","ping_status":"open","sticky":false,"template":"","format":"standard","meta":{"footnotes":""},"categories":[187,3],"tags":[],"class_list":["post-1879","post","type-post","status-publish","format-standard","has-post-thumbnail","hentry","category-esportes","category-dicas"],"acf":[],"jetpack_featured_media_url":"https:\/\/novopost.com.br\/wp-content\/uploads\/2023\/11\/mr-olympia-gym-fashion.jpg","_links":{"self":[{"href":"https:\/\/novopost.com.br\/hu\/wp-json\/wp\/v2\/posts\/1879","targetHints":{"allow":["GET"]}}],"collection":[{"href":"https:\/\/novopost.com.br\/hu\/wp-json\/wp\/v2\/posts"}],"about":[{"href":"https:\/\/novopost.com.br\/hu\/wp-json\/wp\/v2\/types\/post"}],"author":[{"embeddable":true,"href":"https:\/\/novopost.com.br\/hu\/wp-json\/wp\/v2\/users\/9"}],"replies":[{"embeddable":true,"href":"https:\/\/novopost.com.br\/hu\/wp-json\/wp\/v2\/comments?post=1879"}],"version-history":[{"count":20,"href":"https:\/\/novopost.com.br\/hu\/wp-json\/wp\/v2\/posts\/1879\/revisions"}],"predecessor-version":[{"id":2109,"href":"https:\/\/novopost.com.br\/hu\/wp-json\/wp\/v2\/posts\/1879\/revisions\/2109"}],"wp:featuredmedia":[{"embeddable":true,"href":"https:\/\/novopost.com.br\/hu\/wp-json\/wp\/v2\/media\/1913"}],"wp:attachment":[{"href":"https:\/\/novopost.com.br\/hu\/wp-json\/wp\/v2\/media?parent=1879"}],"wp:term":[{"taxonomy":"category","embeddable":true,"href":"https:\/\/novopost.com.br\/hu\/wp-json\/wp\/v2\/categories?post=1879"},{"taxonomy":"post_tag","embeddable":true,"href":"https:\/\/novopost.com.br\/hu\/wp-json\/wp\/v2\/tags?post=1879"}],"curies":[{"name":"wp","href":"https:\/\/api.w.org\/{rel}","templated":true}]}}